{"id":649,"date":"2019-10-30T15:51:12","date_gmt":"2019-10-30T14:51:12","guid":{"rendered":"http:\/\/www.meltingvox.eu\/?p=649"},"modified":"2019-10-31T16:00:59","modified_gmt":"2019-10-31T15:00:59","slug":"festival-voix-off-perwez-le-23-novembre","status":"publish","type":"post","link":"https:\/\/www.meltingvox.eu\/index.php\/2019\/10\/30\/festival-voix-off-perwez-le-23-novembre\/","title":{"rendered":"Festival Voix Off &#8211; Perwez le 23 novembre"},"content":{"rendered":"\n<p>Nous participerons au festival Voix Off de Perwez le 23 novembre vers 20h15. Vous pourrez prolonger la soir\u00e9e dans l&rsquo;originalit\u00e9 des voix a capella avec le groupe braban\u00e7on Canal&rsquo;do<\/p>\n\n\n\n<p><em>Grand&rsquo;Place 32<\/em><em>\n\t\n\t\t<\/em><br><em>\n\t\t<\/em><em>Perwez<\/em><em>,<\/em><em>\n\n\t<\/em><abbr title=\"Brabant Wallon\">Brabant Wallon<\/abbr><em>\n\n\t<\/em><em>1360<\/em><em>\n\n\t<\/em><em>Belgium<\/em><\/p>\n\n\n\n<p class=\"has-text-color has-vivid-cyan-blue-color\"><a href=\"http:\/\/www.foyerperwez.be\/evenement\/voix-off-les-10-ans-samedi-23-novembre-a-20h\/\" target=\"_blank\" rel=\"noreferrer noopener\" aria-label=\" (s\u2019ouvre dans un nouvel onglet)\">Plus d&rsquo;info et r\u00e9servation ic<\/a>i<\/p>\n\n\n\n<div class=\"wp-block-image\"><figure class=\"aligncenter\"><a href=\"http:\/\/www.meltingvox.eu\/wp-content\/uploads\/2019\/10\/20191123-voix-off-1024x519.jpg\" target=\"_blank\" rel=\"noreferrer noopener\"><img loading=\"lazy\" width=\"500\" height=\"253\" src=\"http:\/\/www.meltingvox.eu\/wp-content\/uploads\/2019\/10\/20191123-voix-off-1024x519-500x253.jpg\" alt=\"\" class=\"wp-image-648\" srcset=\"https:\/\/www.meltingvox.eu\/wp-content\/uploads\/2019\/10\/20191123-voix-off-1024x519-500x253.jpg 500w, https:\/\/www.meltingvox.eu\/wp-content\/uploads\/2019\/10\/20191123-voix-off-1024x519-768x389.jpg 768w, https:\/\/www.meltingvox.eu\/wp-content\/uploads\/2019\/10\/20191123-voix-off-1024x519.jpg 1024w\" sizes=\"(max-width: 500px) 100vw, 500px\" \/><\/a><\/figure><\/div>\n","protected":false},"excerpt":{"rendered":"<p>Nous participerons au festival Voix Off de Perwez le 23 novembre vers 20h15. Vous pourrez prolonger la soir\u00e9e dans l&rsquo;originalit\u00e9 des voix a capella avec le groupe braban\u00e7on Canal&rsquo;do Grand&rsquo;Place 32 Perwez, Brabant Wallon 1360 Belgium Plus d&rsquo;info et r\u00e9servation ici<\/p>\n","protected":false},"author":3,"featured_media":648,"comment_status":"open","ping_status":"open","sticky":false,"template":"","format":"standard","meta":[],"categories":[1],"tags":[],"_links":{"self":[{"href":"https:\/\/www.meltingvox.eu\/index.php\/wp-json\/wp\/v2\/posts\/649"}],"collection":[{"href":"https:\/\/www.meltingvox.eu\/index.php\/wp-json\/wp\/v2\/posts"}],"about":[{"href":"https:\/\/www.meltingvox.eu\/index.php\/wp-json\/wp\/v2\/types\/post"}],"author":[{"embeddable":true,"href":"https:\/\/www.meltingvox.eu\/index.php\/wp-json\/wp\/v2\/users\/3"}],"replies":[{"embeddable":true,"href":"https:\/\/www.meltingvox.eu\/index.php\/wp-json\/wp\/v2\/comments?post=649"}],"version-history":[{"count":5,"href":"https:\/\/www.meltingvox.eu\/index.php\/wp-json\/wp\/v2\/posts\/649\/revisions"}],"predecessor-version":[{"id":659,"href":"https:\/\/www.meltingvox.eu\/index.php\/wp-json\/wp\/v2\/posts\/649\/revisions\/659"}],"wp:featuredmedia":[{"embeddable":true,"href":"https:\/\/www.meltingvox.eu\/index.php\/wp-json\/wp\/v2\/media\/648"}],"wp:attachment":[{"href":"https:\/\/www.meltingvox.eu\/index.php\/wp-json\/wp\/v2\/media?parent=649"}],"wp:term":[{"taxonomy":"category","embeddable":true,"href":"https:\/\/www.meltingvox.eu\/index.php\/wp-json\/wp\/v2\/categories?post=649"},{"taxonomy":"post_tag","embeddable":true,"href":"https:\/\/www.meltingvox.eu\/index.php\/wp-json\/wp\/v2\/tags?post=649"}],"curies":[{"name":"wp","href":"https:\/\/api.w.org\/{rel}","templated":true}]}}